{"id":4228,"date":"2016-05-18T02:32:46","date_gmt":"2016-05-18T08:32:46","guid":{"rendered":"http:\/\/krosvertical.com\/?p=4228"},"modified":"2025-05-02T00:48:13","modified_gmt":"2025-05-02T06:48:13","slug":"reparacion-fachadas-sevilla","status":"publish","type":"post","link":"https:\/\/krosvertical.com\/en_en\/reparacion-fachadas-sevilla\/","title":{"rendered":"Reparaci\u00f3n de fachadas Sevilla"},"content":{"rendered":"<h1>Reparaci\u00f3n de fachadas y edificios en Sevilla<\/h1>\n<p>Reparaci\u00f3n de fachada del Edificio Plaza Ruiz de Alda en Sevilla. Subcontratado por la constructora Cartuja Inmobiliaria de Grupo San Jos\u00e9. Reparaci\u00f3n y sustituci\u00f3n de plaquetas de hormig\u00f3n prefabricado de 60x80x4cm. Taladrado de plaquetas con tornillo y tacos 2.600ud. Limpieza de fachada y tapado de desperfectos en piedras de hormig\u00f3n prefabricado de jardineras. Trabajos realizados mediante t\u00e9cnicas alpinas y andamios colgados.<\/p>\n<div id='gallery-1' class='gallery galleryid-4228 gallery-columns-3 gallery-size-thumbnail'><figure class='gallery-item'>\n\t\t\t<div class='gallery-icon portrait'>\n\t\t\t\t<a href='https:\/\/krosvertical.com\/wp-content\/uploads\/2016\/05\/reparacion-fachada-sevilla-1-1.jpg'><img decoding=\"async\" width=\"150\" height=\"150\" src=\"https:\/\/krosvertical.com\/wp-content\/uploads\/2016\/05\/reparacion-fachada-sevilla-1-1-150x150.jpg\" class=\"attachment-thumbnail size-thumbnail\" alt=\"\" aria-describedby=\"gallery-1-4231\" srcset=\"https:\/\/krosvertical.com\/wp-content\/uploads\/2016\/05\/reparacion-fachada-sevilla-1-1-150x150.jpg 150w, https:\/\/krosvertical.com\/wp-content\/uploads\/2016\/05\/reparacion-fachada-sevilla-1-1-100x100.jpg 100w, https:\/\/krosvertical.com\/wp-content\/uploads\/2016\/05\/reparacion-fachada-sevilla-1-1-60x60.jpg 60w, https:\/\/krosvertical.com\/wp-content\/uploads\/2016\/05\/reparacion-fachada-sevilla-1-1-75x75.jpg 75w, https:\/\/krosvertical.com\/wp-content\/uploads\/2016\/05\/reparacion-fachada-sevilla-1-1-40x40.jpg 40w, https:\/\/krosvertical.com\/wp-content\/uploads\/2016\/05\/reparacion-fachada-sevilla-1-1-400x400.jpg 400w\" sizes=\"(max-width: 150px) 100vw, 150px\" \/><\/a>\n\t\t\t<\/div>\n\t\t\t\t<figcaption class='wp-caption-text gallery-caption' id='gallery-1-4231'>\n\t\t\t\treparacion fachada sevilla\n\t\t\t\t<\/figcaption><\/figure><figure class='gallery-item'>\n\t\t\t<div class='gallery-icon portrait'>\n\t\t\t\t<a href='https:\/\/krosvertical.com\/wp-content\/uploads\/2016\/05\/reparacion-fachada-sevilla-2.jpg'><img decoding=\"async\" width=\"150\" height=\"150\" src=\"https:\/\/krosvertical.com\/wp-content\/uploads\/2016\/05\/reparacion-fachada-sevilla-2-150x150.jpg\" class=\"attachment-thumbnail size-thumbnail\" alt=\"\" aria-describedby=\"gallery-1-4232\" srcset=\"https:\/\/krosvertical.com\/wp-content\/uploads\/2016\/05\/reparacion-fachada-sevilla-2-150x150.jpg 150w, https:\/\/krosvertical.com\/wp-content\/uploads\/2016\/05\/reparacion-fachada-sevilla-2-100x100.jpg 100w, https:\/\/krosvertical.com\/wp-content\/uploads\/2016\/05\/reparacion-fachada-sevilla-2-60x60.jpg 60w, https:\/\/krosvertical.com\/wp-content\/uploads\/2016\/05\/reparacion-fachada-sevilla-2-75x75.jpg 75w, https:\/\/krosvertical.com\/wp-content\/uploads\/2016\/05\/reparacion-fachada-sevilla-2-40x40.jpg 40w, https:\/\/krosvertical.com\/wp-content\/uploads\/2016\/05\/reparacion-fachada-sevilla-2-400x400.jpg 400w\" sizes=\"(max-width: 150px) 100vw, 150px\" \/><\/a>\n\t\t\t<\/div>\n\t\t\t\t<figcaption class='wp-caption-text gallery-caption' id='gallery-1-4232'>\n\t\t\t\treparacion fachadas sevilla\n\t\t\t\t<\/figcaption><\/figure><figure class='gallery-item'>\n\t\t\t<div class='gallery-icon portrait'>\n\t\t\t\t<a href='https:\/\/krosvertical.com\/wp-content\/uploads\/2016\/05\/reparacion-fachada-sevilla3.jpg'><img decoding=\"async\" width=\"150\" height=\"150\" src=\"https:\/\/krosvertical.com\/wp-content\/uploads\/2016\/05\/reparacion-fachada-sevilla3-150x150.jpg\" class=\"attachment-thumbnail size-thumbnail\" alt=\"reparacion fachada sevilla\" aria-describedby=\"gallery-1-4233\" srcset=\"https:\/\/krosvertical.com\/wp-content\/uploads\/2016\/05\/reparacion-fachada-sevilla3-150x150.jpg 150w, https:\/\/krosvertical.com\/wp-content\/uploads\/2016\/05\/reparacion-fachada-sevilla3-100x100.jpg 100w, https:\/\/krosvertical.com\/wp-content\/uploads\/2016\/05\/reparacion-fachada-sevilla3-60x60.jpg 60w, https:\/\/krosvertical.com\/wp-content\/uploads\/2016\/05\/reparacion-fachada-sevilla3-75x75.jpg 75w, https:\/\/krosvertical.com\/wp-content\/uploads\/2016\/05\/reparacion-fachada-sevilla3-40x40.jpg 40w, https:\/\/krosvertical.com\/wp-content\/uploads\/2016\/05\/reparacion-fachada-sevilla3-400x400.jpg 400w\" sizes=\"(max-width: 150px) 100vw, 150px\" \/><\/a>\n\t\t\t<\/div>\n\t\t\t\t<figcaption class='wp-caption-text gallery-caption' id='gallery-1-4233'>\n\t\t\t\treparacion fachadas en sevilla\n\t\t\t\t<\/figcaption><\/figure><figure class='gallery-item'>\n\t\t\t<div class='gallery-icon landscape'>\n\t\t\t\t<a href='https:\/\/krosvertical.com\/wp-content\/uploads\/2016\/05\/reparacion-fachadas-sevilla-4.jpg'><img loading=\"lazy\" decoding=\"async\" width=\"150\" height=\"150\" src=\"https:\/\/krosvertical.com\/wp-content\/uploads\/2016\/05\/reparacion-fachadas-sevilla-4-150x150.jpg\" class=\"attachment-thumbnail size-thumbnail\" alt=\"reparacion fachadas sevilla\" aria-describedby=\"gallery-1-4234\" srcset=\"https:\/\/krosvertical.com\/wp-content\/uploads\/2016\/05\/reparacion-fachadas-sevilla-4-150x150.jpg 150w, https:\/\/krosvertical.com\/wp-content\/uploads\/2016\/05\/reparacion-fachadas-sevilla-4-100x100.jpg 100w, https:\/\/krosvertical.com\/wp-content\/uploads\/2016\/05\/reparacion-fachadas-sevilla-4-60x60.jpg 60w, https:\/\/krosvertical.com\/wp-content\/uploads\/2016\/05\/reparacion-fachadas-sevilla-4-75x75.jpg 75w, https:\/\/krosvertical.com\/wp-content\/uploads\/2016\/05\/reparacion-fachadas-sevilla-4-40x40.jpg 40w\" sizes=\"(max-width: 150px) 100vw, 150px\" \/><\/a>\n\t\t\t<\/div>\n\t\t\t\t<figcaption class='wp-caption-text gallery-caption' id='gallery-1-4234'>\n\t\t\t\trehabilitacion edificios sevilla\n\t\t\t\t<\/figcaption><\/figure><figure class='gallery-item'>\n\t\t\t<div class='gallery-icon landscape'>\n\t\t\t\t<a href='https:\/\/krosvertical.com\/wp-content\/uploads\/2016\/05\/reparacion-fachadas-sevilla-5.jpg'><img loading=\"lazy\" decoding=\"async\" width=\"150\" height=\"150\" src=\"https:\/\/krosvertical.com\/wp-content\/uploads\/2016\/05\/reparacion-fachadas-sevilla-5-150x150.jpg\" class=\"attachment-thumbnail size-thumbnail\" alt=\"\" aria-describedby=\"gallery-1-4235\" srcset=\"https:\/\/krosvertical.com\/wp-content\/uploads\/2016\/05\/reparacion-fachadas-sevilla-5-150x150.jpg 150w, https:\/\/krosvertical.com\/wp-content\/uploads\/2016\/05\/reparacion-fachadas-sevilla-5-100x100.jpg 100w, https:\/\/krosvertical.com\/wp-content\/uploads\/2016\/05\/reparacion-fachadas-sevilla-5-60x60.jpg 60w, https:\/\/krosvertical.com\/wp-content\/uploads\/2016\/05\/reparacion-fachadas-sevilla-5-75x75.jpg 75w, https:\/\/krosvertical.com\/wp-content\/uploads\/2016\/05\/reparacion-fachadas-sevilla-5-40x40.jpg 40w\" sizes=\"(max-width: 150px) 100vw, 150px\" \/><\/a>\n\t\t\t<\/div>\n\t\t\t\t<figcaption class='wp-caption-text gallery-caption' id='gallery-1-4235'>\n\t\t\t\trehabilitacion edificio sevilla\n\t\t\t\t<\/figcaption><\/figure><figure class='gallery-item'>\n\t\t\t<div class='gallery-icon landscape'>\n\t\t\t\t<a href='https:\/\/krosvertical.com\/wp-content\/uploads\/2016\/05\/reparacion-fachadas-sevilla6.jpg'><img loading=\"lazy\" decoding=\"async\" width=\"150\" height=\"150\" src=\"https:\/\/krosvertical.com\/wp-content\/uploads\/2016\/05\/reparacion-fachadas-sevilla6-150x150.jpg\" class=\"attachment-thumbnail size-thumbnail\" alt=\"\" aria-describedby=\"gallery-1-4236\" srcset=\"https:\/\/krosvertical.com\/wp-content\/uploads\/2016\/05\/reparacion-fachadas-sevilla6-150x150.jpg 150w, https:\/\/krosvertical.com\/wp-content\/uploads\/2016\/05\/reparacion-fachadas-sevilla6-100x100.jpg 100w, https:\/\/krosvertical.com\/wp-content\/uploads\/2016\/05\/reparacion-fachadas-sevilla6-60x60.jpg 60w, https:\/\/krosvertical.com\/wp-content\/uploads\/2016\/05\/reparacion-fachadas-sevilla6-75x75.jpg 75w, https:\/\/krosvertical.com\/wp-content\/uploads\/2016\/05\/reparacion-fachadas-sevilla6-40x40.jpg 40w\" sizes=\"(max-width: 150px) 100vw, 150px\" \/><\/a>\n\t\t\t<\/div>\n\t\t\t\t<figcaption class='wp-caption-text gallery-caption' id='gallery-1-4236'>\n\t\t\t\treparacion fachada sevilla\n\t\t\t\t<\/figcaption><\/figure>\n\t\t<\/div>\n\n<p>&nbsp;<\/p>\n<p>Si necesita servicios de reparaci\u00f3n de fachadas en Sevilla, rehabilitaci\u00f3n de edificios o cualquier tipo de trabajos verticales p\u00f3ngase en contacto con nosotros a trav\u00e9s de nuestro formulario de contacto o por tel\u00e9fono 954690442 &#8211; 647359250<\/p>","protected":false},"excerpt":{"rendered":"<p>Reparaci\u00f3n de fachadas y edificios en Sevilla Reparaci\u00f3n de fachada del Edificio Plaza Ruiz de Alda en Sevilla. Subcontratado por la constructora Cartuja Inmobiliaria de Grupo San Jos\u00e9. Reparaci\u00f3n y sustituci\u00f3n de plaquetas de hormig\u00f3n prefabricado de 60x80x4cm. Taladrado de plaquetas con tornillo y tacos 2.600ud. Limpieza de fachada y tapado de desperfectos en piedras [&hellip;]<\/p>\n","protected":false},"author":2,"featured_media":4240,"comment_status":"closed","ping_status":"open","sticky":false,"template":"","format":"standard","meta":{"footnotes":""},"categories":[50],"tags":[59,60,61,58],"class_list":["post-4228","post","type-post","status-publish","format-standard","has-post-thumbnail","hentry","category-rehabilitacion-de-edificios","tag-rehabilitacion-fachadas-sevilla","tag-reparacion-de-fachadas-sevilla","tag-reparacion-fachada-sevilla","tag-reparacion-fachadas-sevilla"],"yoast_head":"<!-- This site is optimized with the Yoast SEO plugin v27.4 - https:\/\/yoast.com\/product\/yoast-seo-wordpress\/ -->\n<title>Trabajos Verticales Sevilla | KROS VERTICAL<\/title>\n<meta name=\"description\" content=\"En Kros Vertical Somos especialistas en trabajos verticales y de dif\u00edcil acceso con una dilatada experiencia en el sector de la construcci\u00f3n, limpieza, alba\u00f1iler\u00eda y pintura.\" \/>\n<meta name=\"robots\" content=\"index, follow, max-snippet:-1, max-image-preview:large, max-video-preview:-1\" \/>\n<link rel=\"canonical\" href=\"https:\/\/krosvertical.com\/en_en\/reparacion-fachadas-sevilla\/\" \/>\n<meta property=\"og:locale\" content=\"en_GB\" \/>\n<meta property=\"og:type\" content=\"article\" \/>\n<meta property=\"og:title\" content=\"Trabajos Verticales Sevilla | KROS VERTICAL\" \/>\n<meta property=\"og:description\" content=\"En Kros Vertical Somos especialistas en trabajos verticales y de dif\u00edcil acceso con una dilatada experiencia en el sector de la construcci\u00f3n, limpieza, alba\u00f1iler\u00eda y pintura.\" \/>\n<meta property=\"og:url\" content=\"https:\/\/krosvertical.com\/en_en\/reparacion-fachadas-sevilla\/\" \/>\n<meta property=\"og:site_name\" content=\"KrosVertical\" \/>\n<meta property=\"article:publisher\" content=\"https:\/\/www.facebook.com\/groups\/987621488990247\/user\/100063481604682?locale=es_ES\" \/>\n<meta property=\"article:published_time\" content=\"2016-05-18T08:32:46+00:00\" \/>\n<meta property=\"article:modified_time\" content=\"2025-05-02T06:48:13+00:00\" \/>\n<meta property=\"og:image\" content=\"https:\/\/krosvertical.com\/wp-content\/uploads\/2016\/05\/reparacion-fachada-sevilla-2-1.jpg\" \/>\n\t<meta property=\"og:image:width\" content=\"400\" \/>\n\t<meta property=\"og:image:height\" content=\"712\" \/>\n\t<meta property=\"og:image:type\" content=\"image\/jpeg\" \/>\n<meta name=\"author\" content=\"KrosVertical\" \/>\n<meta name=\"twitter:card\" content=\"summary_large_image\" \/>\n<meta name=\"twitter:label1\" content=\"Written by\" \/>\n\t<meta name=\"twitter:data1\" content=\"KrosVertical\" \/>\n\t<meta name=\"twitter:label2\" content=\"Estimated reading time\" \/>\n\t<meta name=\"twitter:data2\" content=\"1 minute\" \/>\n<script type=\"application\/ld+json\" class=\"yoast-schema-graph\">{\"@context\":\"https:\\\/\\\/schema.org\",\"@graph\":[{\"@type\":\"Article\",\"@id\":\"https:\\\/\\\/krosvertical.com\\\/reparacion-fachadas-sevilla\\\/#article\",\"isPartOf\":{\"@id\":\"https:\\\/\\\/krosvertical.com\\\/reparacion-fachadas-sevilla\\\/\"},\"author\":{\"name\":\"KrosVertical\",\"@id\":\"https:\\\/\\\/krosvertical.com\\\/#\\\/schema\\\/person\\\/c85b690ea2003c6562c8606ae8ded760\"},\"headline\":\"Reparaci\u00f3n de fachadas Sevilla\",\"datePublished\":\"2016-05-18T08:32:46+00:00\",\"dateModified\":\"2025-05-02T06:48:13+00:00\",\"mainEntityOfPage\":{\"@id\":\"https:\\\/\\\/krosvertical.com\\\/reparacion-fachadas-sevilla\\\/\"},\"wordCount\":126,\"publisher\":{\"@id\":\"https:\\\/\\\/krosvertical.com\\\/#organization\"},\"image\":{\"@id\":\"https:\\\/\\\/krosvertical.com\\\/reparacion-fachadas-sevilla\\\/#primaryimage\"},\"thumbnailUrl\":\"https:\\\/\\\/krosvertical.com\\\/wp-content\\\/uploads\\\/2016\\\/05\\\/reparacion-fachada-sevilla-2-1.jpg\",\"keywords\":[\"rehabilitacion fachadas sevilla\",\"reparacion de fachadas sevilla\",\"reparacion fachada sevilla\",\"reparacion fachadas sevilla\"],\"articleSection\":[\"Rehabilitaci\u00f3n de edificios\"],\"inLanguage\":\"en-GB\"},{\"@type\":\"WebPage\",\"@id\":\"https:\\\/\\\/krosvertical.com\\\/reparacion-fachadas-sevilla\\\/\",\"url\":\"https:\\\/\\\/krosvertical.com\\\/reparacion-fachadas-sevilla\\\/\",\"name\":\"Trabajos Verticales Sevilla | KROS VERTICAL\",\"isPartOf\":{\"@id\":\"https:\\\/\\\/krosvertical.com\\\/#website\"},\"primaryImageOfPage\":{\"@id\":\"https:\\\/\\\/krosvertical.com\\\/reparacion-fachadas-sevilla\\\/#primaryimage\"},\"image\":{\"@id\":\"https:\\\/\\\/krosvertical.com\\\/reparacion-fachadas-sevilla\\\/#primaryimage\"},\"thumbnailUrl\":\"https:\\\/\\\/krosvertical.com\\\/wp-content\\\/uploads\\\/2016\\\/05\\\/reparacion-fachada-sevilla-2-1.jpg\",\"datePublished\":\"2016-05-18T08:32:46+00:00\",\"dateModified\":\"2025-05-02T06:48:13+00:00\",\"description\":\"En Kros Vertical Somos especialistas en trabajos verticales y de dif\u00edcil acceso con una dilatada experiencia en el sector de la construcci\u00f3n, limpieza, alba\u00f1iler\u00eda y pintura.\",\"breadcrumb\":{\"@id\":\"https:\\\/\\\/krosvertical.com\\\/reparacion-fachadas-sevilla\\\/#breadcrumb\"},\"inLanguage\":\"en-GB\",\"potentialAction\":[{\"@type\":\"ReadAction\",\"target\":[\"https:\\\/\\\/krosvertical.com\\\/reparacion-fachadas-sevilla\\\/\"]}]},{\"@type\":\"ImageObject\",\"inLanguage\":\"en-GB\",\"@id\":\"https:\\\/\\\/krosvertical.com\\\/reparacion-fachadas-sevilla\\\/#primaryimage\",\"url\":\"https:\\\/\\\/krosvertical.com\\\/wp-content\\\/uploads\\\/2016\\\/05\\\/reparacion-fachada-sevilla-2-1.jpg\",\"contentUrl\":\"https:\\\/\\\/krosvertical.com\\\/wp-content\\\/uploads\\\/2016\\\/05\\\/reparacion-fachada-sevilla-2-1.jpg\",\"width\":400,\"height\":712,\"caption\":\"reparacion de fachadas y edificios en sevilla\"},{\"@type\":\"BreadcrumbList\",\"@id\":\"https:\\\/\\\/krosvertical.com\\\/reparacion-fachadas-sevilla\\\/#breadcrumb\",\"itemListElement\":[{\"@type\":\"ListItem\",\"position\":1,\"name\":\"Portada\",\"item\":\"https:\\\/\\\/krosvertical.com\\\/\"},{\"@type\":\"ListItem\",\"position\":2,\"name\":\"Reparaci\u00f3n de fachadas Sevilla\"}]},{\"@type\":\"WebSite\",\"@id\":\"https:\\\/\\\/krosvertical.com\\\/#website\",\"url\":\"https:\\\/\\\/krosvertical.com\\\/\",\"name\":\"KrosVertical\",\"description\":\"Trabajos Verticales Sevilla\",\"publisher\":{\"@id\":\"https:\\\/\\\/krosvertical.com\\\/#organization\"},\"potentialAction\":[{\"@type\":\"SearchAction\",\"target\":{\"@type\":\"EntryPoint\",\"urlTemplate\":\"https:\\\/\\\/krosvertical.com\\\/?s={search_term_string}\"},\"query-input\":{\"@type\":\"PropertyValueSpecification\",\"valueRequired\":true,\"valueName\":\"search_term_string\"}}],\"inLanguage\":\"en-GB\"},{\"@type\":\"Organization\",\"@id\":\"https:\\\/\\\/krosvertical.com\\\/#organization\",\"name\":\"KrosVertical\",\"url\":\"https:\\\/\\\/krosvertical.com\\\/\",\"logo\":{\"@type\":\"ImageObject\",\"inLanguage\":\"en-GB\",\"@id\":\"https:\\\/\\\/krosvertical.com\\\/#\\\/schema\\\/logo\\\/image\\\/\",\"url\":\"https:\\\/\\\/krosvertical.com\\\/wp-content\\\/uploads\\\/2020\\\/02\\\/krosvertical-logo-2020.png\",\"contentUrl\":\"https:\\\/\\\/krosvertical.com\\\/wp-content\\\/uploads\\\/2020\\\/02\\\/krosvertical-logo-2020.png\",\"width\":1000,\"height\":243,\"caption\":\"KrosVertical\"},\"image\":{\"@id\":\"https:\\\/\\\/krosvertical.com\\\/#\\\/schema\\\/logo\\\/image\\\/\"},\"sameAs\":[\"https:\\\/\\\/www.facebook.com\\\/groups\\\/987621488990247\\\/user\\\/100063481604682?locale=es_ES\",\"https:\\\/\\\/www.instagram.com\\\/krosvertical\\\/\"]},{\"@type\":\"Person\",\"@id\":\"https:\\\/\\\/krosvertical.com\\\/#\\\/schema\\\/person\\\/c85b690ea2003c6562c8606ae8ded760\",\"name\":\"KrosVertical\",\"image\":{\"@type\":\"ImageObject\",\"inLanguage\":\"en-GB\",\"@id\":\"https:\\\/\\\/secure.gravatar.com\\\/avatar\\\/41e3f0f9eb0bdcb3fedf07ffcc8f86eb6f20ef85c7d9f049f7f3669e56774fa6?s=96&d=mm&r=g\",\"url\":\"https:\\\/\\\/secure.gravatar.com\\\/avatar\\\/41e3f0f9eb0bdcb3fedf07ffcc8f86eb6f20ef85c7d9f049f7f3669e56774fa6?s=96&d=mm&r=g\",\"contentUrl\":\"https:\\\/\\\/secure.gravatar.com\\\/avatar\\\/41e3f0f9eb0bdcb3fedf07ffcc8f86eb6f20ef85c7d9f049f7f3669e56774fa6?s=96&d=mm&r=g\",\"caption\":\"KrosVertical\"},\"url\":\"https:\\\/\\\/krosvertical.com\\\/en_en\\\/author\\\/omfuser\\\/\"}]}<\/script>\n<!-- \/ Yoast SEO plugin. -->","yoast_head_json":{"title":"Trabajos Verticales Sevilla | KROS VERTICAL","description":"En Kros Vertical Somos especialistas en trabajos verticales y de dif\u00edcil acceso con una dilatada experiencia en el sector de la construcci\u00f3n, limpieza, alba\u00f1iler\u00eda y pintura.","robots":{"index":"index","follow":"follow","max-snippet":"max-snippet:-1","max-image-preview":"max-image-preview:large","max-video-preview":"max-video-preview:-1"},"canonical":"https:\/\/krosvertical.com\/en_en\/reparacion-fachadas-sevilla\/","og_locale":"en_GB","og_type":"article","og_title":"Trabajos Verticales Sevilla | KROS VERTICAL","og_description":"En Kros Vertical Somos especialistas en trabajos verticales y de dif\u00edcil acceso con una dilatada experiencia en el sector de la construcci\u00f3n, limpieza, alba\u00f1iler\u00eda y pintura.","og_url":"https:\/\/krosvertical.com\/en_en\/reparacion-fachadas-sevilla\/","og_site_name":"KrosVertical","article_publisher":"https:\/\/www.facebook.com\/groups\/987621488990247\/user\/100063481604682?locale=es_ES","article_published_time":"2016-05-18T08:32:46+00:00","article_modified_time":"2025-05-02T06:48:13+00:00","og_image":[{"width":400,"height":712,"url":"https:\/\/krosvertical.com\/wp-content\/uploads\/2016\/05\/reparacion-fachada-sevilla-2-1.jpg","type":"image\/jpeg"}],"author":"KrosVertical","twitter_card":"summary_large_image","twitter_misc":{"Written by":"KrosVertical","Estimated reading time":"1 minute"},"schema":{"@context":"https:\/\/schema.org","@graph":[{"@type":"Article","@id":"https:\/\/krosvertical.com\/reparacion-fachadas-sevilla\/#article","isPartOf":{"@id":"https:\/\/krosvertical.com\/reparacion-fachadas-sevilla\/"},"author":{"name":"KrosVertical","@id":"https:\/\/krosvertical.com\/#\/schema\/person\/c85b690ea2003c6562c8606ae8ded760"},"headline":"Reparaci\u00f3n de fachadas Sevilla","datePublished":"2016-05-18T08:32:46+00:00","dateModified":"2025-05-02T06:48:13+00:00","mainEntityOfPage":{"@id":"https:\/\/krosvertical.com\/reparacion-fachadas-sevilla\/"},"wordCount":126,"publisher":{"@id":"https:\/\/krosvertical.com\/#organization"},"image":{"@id":"https:\/\/krosvertical.com\/reparacion-fachadas-sevilla\/#primaryimage"},"thumbnailUrl":"https:\/\/krosvertical.com\/wp-content\/uploads\/2016\/05\/reparacion-fachada-sevilla-2-1.jpg","keywords":["rehabilitacion fachadas sevilla","reparacion de fachadas sevilla","reparacion fachada sevilla","reparacion fachadas sevilla"],"articleSection":["Rehabilitaci\u00f3n de edificios"],"inLanguage":"en-GB"},{"@type":"WebPage","@id":"https:\/\/krosvertical.com\/reparacion-fachadas-sevilla\/","url":"https:\/\/krosvertical.com\/reparacion-fachadas-sevilla\/","name":"Trabajos Verticales Sevilla | KROS VERTICAL","isPartOf":{"@id":"https:\/\/krosvertical.com\/#website"},"primaryImageOfPage":{"@id":"https:\/\/krosvertical.com\/reparacion-fachadas-sevilla\/#primaryimage"},"image":{"@id":"https:\/\/krosvertical.com\/reparacion-fachadas-sevilla\/#primaryimage"},"thumbnailUrl":"https:\/\/krosvertical.com\/wp-content\/uploads\/2016\/05\/reparacion-fachada-sevilla-2-1.jpg","datePublished":"2016-05-18T08:32:46+00:00","dateModified":"2025-05-02T06:48:13+00:00","description":"En Kros Vertical Somos especialistas en trabajos verticales y de dif\u00edcil acceso con una dilatada experiencia en el sector de la construcci\u00f3n, limpieza, alba\u00f1iler\u00eda y pintura.","breadcrumb":{"@id":"https:\/\/krosvertical.com\/reparacion-fachadas-sevilla\/#breadcrumb"},"inLanguage":"en-GB","potentialAction":[{"@type":"ReadAction","target":["https:\/\/krosvertical.com\/reparacion-fachadas-sevilla\/"]}]},{"@type":"ImageObject","inLanguage":"en-GB","@id":"https:\/\/krosvertical.com\/reparacion-fachadas-sevilla\/#primaryimage","url":"https:\/\/krosvertical.com\/wp-content\/uploads\/2016\/05\/reparacion-fachada-sevilla-2-1.jpg","contentUrl":"https:\/\/krosvertical.com\/wp-content\/uploads\/2016\/05\/reparacion-fachada-sevilla-2-1.jpg","width":400,"height":712,"caption":"reparacion de fachadas y edificios en sevilla"},{"@type":"BreadcrumbList","@id":"https:\/\/krosvertical.com\/reparacion-fachadas-sevilla\/#breadcrumb","itemListElement":[{"@type":"ListItem","position":1,"name":"Portada","item":"https:\/\/krosvertical.com\/"},{"@type":"ListItem","position":2,"name":"Reparaci\u00f3n de fachadas Sevilla"}]},{"@type":"WebSite","@id":"https:\/\/krosvertical.com\/#website","url":"https:\/\/krosvertical.com\/","name":"KrosVertical","description":"Trabajos Verticales Sevilla","publisher":{"@id":"https:\/\/krosvertical.com\/#organization"},"potentialAction":[{"@type":"SearchAction","target":{"@type":"EntryPoint","urlTemplate":"https:\/\/krosvertical.com\/?s={search_term_string}"},"query-input":{"@type":"PropertyValueSpecification","valueRequired":true,"valueName":"search_term_string"}}],"inLanguage":"en-GB"},{"@type":"Organization","@id":"https:\/\/krosvertical.com\/#organization","name":"KrosVertical","url":"https:\/\/krosvertical.com\/","logo":{"@type":"ImageObject","inLanguage":"en-GB","@id":"https:\/\/krosvertical.com\/#\/schema\/logo\/image\/","url":"https:\/\/krosvertical.com\/wp-content\/uploads\/2020\/02\/krosvertical-logo-2020.png","contentUrl":"https:\/\/krosvertical.com\/wp-content\/uploads\/2020\/02\/krosvertical-logo-2020.png","width":1000,"height":243,"caption":"KrosVertical"},"image":{"@id":"https:\/\/krosvertical.com\/#\/schema\/logo\/image\/"},"sameAs":["https:\/\/www.facebook.com\/groups\/987621488990247\/user\/100063481604682?locale=es_ES","https:\/\/www.instagram.com\/krosvertical\/"]},{"@type":"Person","@id":"https:\/\/krosvertical.com\/#\/schema\/person\/c85b690ea2003c6562c8606ae8ded760","name":"KrosVertical","image":{"@type":"ImageObject","inLanguage":"en-GB","@id":"https:\/\/secure.gravatar.com\/avatar\/41e3f0f9eb0bdcb3fedf07ffcc8f86eb6f20ef85c7d9f049f7f3669e56774fa6?s=96&d=mm&r=g","url":"https:\/\/secure.gravatar.com\/avatar\/41e3f0f9eb0bdcb3fedf07ffcc8f86eb6f20ef85c7d9f049f7f3669e56774fa6?s=96&d=mm&r=g","contentUrl":"https:\/\/secure.gravatar.com\/avatar\/41e3f0f9eb0bdcb3fedf07ffcc8f86eb6f20ef85c7d9f049f7f3669e56774fa6?s=96&d=mm&r=g","caption":"KrosVertical"},"url":"https:\/\/krosvertical.com\/en_en\/author\/omfuser\/"}]}},"_links":{"self":[{"href":"https:\/\/krosvertical.com\/en_en\/wp-json\/wp\/v2\/posts\/4228","targetHints":{"allow":["GET"]}}],"collection":[{"href":"https:\/\/krosvertical.com\/en_en\/wp-json\/wp\/v2\/posts"}],"about":[{"href":"https:\/\/krosvertical.com\/en_en\/wp-json\/wp\/v2\/types\/post"}],"author":[{"embeddable":true,"href":"https:\/\/krosvertical.com\/en_en\/wp-json\/wp\/v2\/users\/2"}],"replies":[{"embeddable":true,"href":"https:\/\/krosvertical.com\/en_en\/wp-json\/wp\/v2\/comments?post=4228"}],"version-history":[{"count":0,"href":"https:\/\/krosvertical.com\/en_en\/wp-json\/wp\/v2\/posts\/4228\/revisions"}],"wp:featuredmedia":[{"embeddable":true,"href":"https:\/\/krosvertical.com\/en_en\/wp-json\/wp\/v2\/media\/4240"}],"wp:attachment":[{"href":"https:\/\/krosvertical.com\/en_en\/wp-json\/wp\/v2\/media?parent=4228"}],"wp:term":[{"taxonomy":"category","embeddable":true,"href":"https:\/\/krosvertical.com\/en_en\/wp-json\/wp\/v2\/categories?post=4228"},{"taxonomy":"post_tag","embeddable":true,"href":"https:\/\/krosvertical.com\/en_en\/wp-json\/wp\/v2\/tags?post=4228"}],"curies":[{"name":"wp","href":"https:\/\/api.w.org\/{rel}","templated":true}]}}